{"id":13750,"date":"2017-08-15T12:22:24","date_gmt":"2017-08-15T12:22:24","guid":{"rendered":"http:\/\/www.compression.ch\/?p=13750"},"modified":"2017-08-27T15:37:39","modified_gmt":"2017-08-27T15:37:39","slug":"zeropoint-compression-frauenfelder-stadtlauf","status":"publish","type":"post","link":"https:\/\/www.compression.ch\/?p=13750","title":{"rendered":"ZeroPoint Compression @Frauenfelder Stadtlauf"},"content":{"rendered":"[spb_text_block pb_margin_bottom=&#8220;no&#8220; pb_border_bottom=&#8220;no&#8220; width=&#8220;2\/3&#8243; el_position=&#8220;first&#8220;]\n<p><strong>Am Samstag, 26. August 2017 findet zum <a href=\"http:\/\/www.frauenfelder-stadtlauf.ch\/xml_1\/Internet\/de\/application\/f1.cfm\">38. Mal der Frauenfelder Stadtlauf<\/a> statt! <\/strong><\/p>\n<p>Das einzigartige Stadtlauf-Feeling, die tollte Stimmung und gute Organisation tragen dazu bei, dass der Lauf zu den Saison-Highlights der Schweizer Laufkalenders z\u00e4hlt. Der Fraufenfelder Stadtlauf bietet f\u00fcr alle etwas, ob kurze oder l\u00e4ngere Distanz, Running oder Walking, Gross oder Klein &#8211; f\u00fcr alle ist etwas dabei.<\/p>\n<p>W\u00e4hrend die Frauenfelder #Stadtl\u00e4uferinnen und #Stadtl\u00e4ufer ihre beste Performance auf der Laufstrecke pr\u00e4sentieren, finden Sie unseren <strong>ZeroPoint Compression-Stand an der Expo im Eventzentrum<\/strong>. Wir unterst\u00fctzen den Anlass als Spezialsponsor.<\/p>\n<p>Wir freuen uns auf eine tolle Stimmung, viele Laufbegeisterte und zahlreiche Besucher!<\/p>\n<p>(\u00a9frauenfelder-stadtlauf.ch)<\/p>\n<p>&nbsp;<\/p>\n<p><strong>\u00a0<\/strong><\/p>\n[\/spb_text_block] [spb_single_image image=&#8220;13753&#8243; image_size=&#8220;full&#8220; frame=&#8220;noframe&#8220; lightbox=&#8220;yes&#8220; link_target=&#8220;_self&#8220; fullwidth=&#8220;no&#8220; width=&#8220;1\/3&#8243; el_position=&#8220;last&#8220;][\/spb_single_image]\n","protected":false},"excerpt":{"rendered":"<p>[spb_text_block pb_margin_bottom=&#8220;no&#8220; pb_border_bottom=&#8220;no&#8220; width=&#8220;2\/3&#8243; el_position=&#8220;first&#8220;] Am Samstag, 26. August 2017 findet zum 38. Mal der Frauenfelder Stadtlauf statt! Das einzigartige Stadtlauf-Feeling, die tollte Stimmung und gute Organisation tragen dazu bei, dass der Lauf zu den Saison-Highlights der Schweizer Laufkalenders z\u00e4hlt. Der Fraufenfelder Stadtlauf bietet f\u00fcr alle etwas, ob kurze oder l\u00e4ngere Distanz, Running oder Walking, Gross oder Klein &#8211; f\u00fcr [&hellip;]<\/p>\n","protected":false},"author":1,"featured_media":0,"comment_status":"closed","ping_status":"closed","sticky":false,"template":"","format":"standard","meta":{"footnotes":""},"categories":[675,564],"tags":[676,666,668,677],"class_list":["post-13750","post","type-post","status-publish","format-standard","hentry","category-events","category-kompressionsprodukte","tag-events","tag-kompression","tag-kompressionslevel","tag-running"],"_links":{"self":[{"href":"https:\/\/www.compression.ch\/index.php?rest_route=\/wp\/v2\/posts\/13750"}],"collection":[{"href":"https:\/\/www.compression.ch\/index.php?rest_route=\/wp\/v2\/posts"}],"about":[{"href":"https:\/\/www.compression.ch\/index.php?rest_route=\/wp\/v2\/types\/post"}],"author":[{"embeddable":true,"href":"https:\/\/www.compression.ch\/index.php?rest_route=\/wp\/v2\/users\/1"}],"replies":[{"embeddable":true,"href":"https:\/\/www.compression.ch\/index.php?rest_route=%2Fwp%2Fv2%2Fcomments&post=13750"}],"version-history":[{"count":6,"href":"https:\/\/www.compression.ch\/index.php?rest_route=\/wp\/v2\/posts\/13750\/revisions"}],"predecessor-version":[{"id":13796,"href":"https:\/\/www.compression.ch\/index.php?rest_route=\/wp\/v2\/posts\/13750\/revisions\/13796"}],"wp:attachment":[{"href":"https:\/\/www.compression.ch\/index.php?rest_route=%2Fwp%2Fv2%2Fmedia&parent=13750"}],"wp:term":[{"taxonomy":"category","embeddable":true,"href":"https:\/\/www.compression.ch\/index.php?rest_route=%2Fwp%2Fv2%2Fcategories&post=13750"},{"taxonomy":"post_tag","embeddable":true,"href":"https:\/\/www.compression.ch\/index.php?rest_route=%2Fwp%2Fv2%2Ftags&post=13750"}],"curies":[{"name":"wp","href":"https:\/\/api.w.org\/{rel}","templated":true}]}}