{"id":14533,"date":"2018-03-27T12:16:19","date_gmt":"2018-03-27T12:16:19","guid":{"rendered":"http:\/\/www.compression.ch\/?p=14533"},"modified":"2018-04-20T07:20:02","modified_gmt":"2018-04-20T07:20:02","slug":"sortiment-fruehling-sommer-2018-online","status":"publish","type":"post","link":"https:\/\/www.compression.ch\/?p=14533","title":{"rendered":"Sortiment Fr\u00fchling\/Sommer 2018 online!"},"content":{"rendered":"[spb_text_block pb_margin_bottom=&#8220;no&#8220; pb_border_bottom=&#8220;no&#8220; width=&#8220;1\/2&#8243; el_position=&#8220;first&#8220;]\n<p><strong>Die neue Kollektion Fr\u00fchling\/Sommer 2018 ist da!<\/strong><\/p>\n<p>Wir freuen uns, die neue Kompressions-Kollektion pr\u00e4sentieren zu d\u00fcrfen! Sie besticht durch neue Produkte und neue Designelemente! Das Produktsortiment wurde beispielsweise mit Athletic Shorts und 3\/4-Tights passend erg\u00e4nzt! Dazu sind die Durchl\u00e4ufer-Produkte wie Compression Socks und Calfs mit neuen Farbkombinationen erh\u00e4ltlich!<\/p>\n<hr \/>\n<p><strong>Du willst nichts verpassen?<\/strong><br \/>\nFolge uns auf Instagram oder auf Facebook: @compression.ch \/ #zpcompression<\/p>\n<p>&nbsp;<\/p>\n[\/spb_text_block] [spb_single_image image=&#8220;14535&#8243; image_size=&#8220;full&#8220; frame=&#8220;noframe&#8220; lightbox=&#8220;yes&#8220; link_target=&#8220;_self&#8220; fullwidth=&#8220;no&#8220; width=&#8220;1\/2&#8243; el_position=&#8220;last&#8220;][\/spb_single_image]\n","protected":false},"excerpt":{"rendered":"<p>[spb_text_block pb_margin_bottom=&#8220;no&#8220; pb_border_bottom=&#8220;no&#8220; width=&#8220;1\/2&#8243; el_position=&#8220;first&#8220;] Die neue Kollektion Fr\u00fchling\/Sommer 2018 ist da! Wir freuen uns, die neue Kompressions-Kollektion pr\u00e4sentieren zu d\u00fcrfen! Sie besticht durch neue Produkte und neue Designelemente! Das Produktsortiment wurde beispielsweise mit Athletic Shorts und 3\/4-Tights passend erg\u00e4nzt! Dazu sind die Durchl\u00e4ufer-Produkte wie Compression Socks und Calfs mit neuen Farbkombinationen erh\u00e4ltlich! Du willst nichts verpassen? Folge uns auf [&hellip;]<\/p>\n","protected":false},"author":1,"featured_media":0,"comment_status":"closed","ping_status":"closed","sticky":false,"template":"","format":"standard","meta":{"footnotes":""},"categories":[564,669],"tags":[666,683,706],"class_list":["post-14533","post","type-post","status-publish","format-standard","hentry","category-kompressionsprodukte","category-team-zeropoint","tag-kompression","tag-kompressionstextilien","tag-sortiment"],"_links":{"self":[{"href":"https:\/\/www.compression.ch\/index.php?rest_route=\/wp\/v2\/posts\/14533"}],"collection":[{"href":"https:\/\/www.compression.ch\/index.php?rest_route=\/wp\/v2\/posts"}],"about":[{"href":"https:\/\/www.compression.ch\/index.php?rest_route=\/wp\/v2\/types\/post"}],"author":[{"embeddable":true,"href":"https:\/\/www.compression.ch\/index.php?rest_route=\/wp\/v2\/users\/1"}],"replies":[{"embeddable":true,"href":"https:\/\/www.compression.ch\/index.php?rest_route=%2Fwp%2Fv2%2Fcomments&post=14533"}],"version-history":[{"count":6,"href":"https:\/\/www.compression.ch\/index.php?rest_route=\/wp\/v2\/posts\/14533\/revisions"}],"predecessor-version":[{"id":14538,"href":"https:\/\/www.compression.ch\/index.php?rest_route=\/wp\/v2\/posts\/14533\/revisions\/14538"}],"wp:attachment":[{"href":"https:\/\/www.compression.ch\/index.php?rest_route=%2Fwp%2Fv2%2Fmedia&parent=14533"}],"wp:term":[{"taxonomy":"category","embeddable":true,"href":"https:\/\/www.compression.ch\/index.php?rest_route=%2Fwp%2Fv2%2Fcategories&post=14533"},{"taxonomy":"post_tag","embeddable":true,"href":"https:\/\/www.compression.ch\/index.php?rest_route=%2Fwp%2Fv2%2Ftags&post=14533"}],"curies":[{"name":"wp","href":"https:\/\/api.w.org\/{rel}","templated":true}]}}