{"id":16298,"date":"2020-12-15T10:35:24","date_gmt":"2020-12-15T10:35:24","guid":{"rendered":"http:\/\/www.compression.ch\/?p=16298"},"modified":"2020-12-15T10:35:48","modified_gmt":"2020-12-15T10:35:48","slug":"frohe-festtage-und-alles-gute-und-liebe-im-neuen-jahr-wuenscht-das-zeropoint-compression-team","status":"publish","type":"post","link":"https:\/\/www.compression.ch\/?p=16298","title":{"rendered":"Frohe Festtage und alles Gute und Liebe im neuen Jahr w\u00fcnscht das ZeroPoint Compression Team"},"content":{"rendered":"[spb_single_image image=&#8220;16318&#8243; image_size=&#8220;full&#8220; frame=&#8220;noframe&#8220; lightbox=&#8220;yes&#8220; link_target=&#8220;_self&#8220; fullwidth=&#8220;no&#8220; width=&#8220;2\/3&#8243; el_position=&#8220;first&#8220;][\/spb_single_image] [spb_products_mini asset_type=&#8220;best-sellers&#8220; item_count=&#8220;4&#8243; width=&#8220;1\/3&#8243; el_position=&#8220;last&#8220;] [spb_text_block pb_margin_bottom=&#8220;no&#8220; pb_border_bottom=&#8220;no&#8220; width=&#8220;1\/1&#8243; el_position=&#8220;first last&#8220;]\n<p>Aufgrund der aktuellen Umst\u00e4nde haben wir unsere \u00d6ffnungszeiten vor\u00fcbergehend angepasst. Bis 10. Januar 2021 sind wir werktags von 08.30-12.00 Uhr und 13.30-16.00 Uhr f\u00fcr Bestellungen und Anfragen da. Zwischen Weihnachten und Neujahr ist zudem aufgrund von Inventurarbeiten nur eingeschr\u00e4nkt Versand m\u00f6glich.<\/p>\n<p>Wir w\u00fcnschen eine sch\u00f6ne Weihnachtszeit und freuen uns auf neue Herausforderungen im 2021.<\/p>\n<p><em>Mit besten Gr\u00fcssen<br \/>\nDas ganze Team von ZEROPOINT COMPRESSION<\/em><\/p>\n<p>&nbsp;<\/p>\n[\/spb_text_block]\n","protected":false},"excerpt":{"rendered":"<p>[spb_single_image image=&#8220;16318&#8243; image_size=&#8220;full&#8220; frame=&#8220;noframe&#8220; lightbox=&#8220;yes&#8220; link_target=&#8220;_self&#8220; fullwidth=&#8220;no&#8220; width=&#8220;2\/3&#8243; el_position=&#8220;first&#8220;][\/spb_single_image] [spb_products_mini asset_type=&#8220;best-sellers&#8220; item_count=&#8220;4&#8243; width=&#8220;1\/3&#8243; el_position=&#8220;last&#8220;] [spb_text_block pb_margin_bottom=&#8220;no&#8220; pb_border_bottom=&#8220;no&#8220; width=&#8220;1\/1&#8243; el_position=&#8220;first last&#8220;] Aufgrund der aktuellen Umst\u00e4nde haben wir unsere \u00d6ffnungszeiten vor\u00fcbergehend angepasst. Bis 10. Januar 2021 sind wir werktags von 08.30-12.00 Uhr und 13.30-16.00 Uhr f\u00fcr Bestellungen und Anfragen da. Zwischen Weihnachten und Neujahr ist zudem aufgrund von Inventurarbeiten nur eingeschr\u00e4nkt Versand [&hellip;]<\/p>\n","protected":false},"author":1,"featured_media":0,"comment_status":"closed","ping_status":"closed","sticky":false,"template":"","format":"standard","meta":{"footnotes":""},"categories":[1],"tags":[],"class_list":["post-16298","post","type-post","status-publish","format-standard","hentry","category-uncategorized"],"_links":{"self":[{"href":"https:\/\/www.compression.ch\/index.php?rest_route=\/wp\/v2\/posts\/16298"}],"collection":[{"href":"https:\/\/www.compression.ch\/index.php?rest_route=\/wp\/v2\/posts"}],"about":[{"href":"https:\/\/www.compression.ch\/index.php?rest_route=\/wp\/v2\/types\/post"}],"author":[{"embeddable":true,"href":"https:\/\/www.compression.ch\/index.php?rest_route=\/wp\/v2\/users\/1"}],"replies":[{"embeddable":true,"href":"https:\/\/www.compression.ch\/index.php?rest_route=%2Fwp%2Fv2%2Fcomments&post=16298"}],"version-history":[{"count":4,"href":"https:\/\/www.compression.ch\/index.php?rest_route=\/wp\/v2\/posts\/16298\/revisions"}],"predecessor-version":[{"id":16325,"href":"https:\/\/www.compression.ch\/index.php?rest_route=\/wp\/v2\/posts\/16298\/revisions\/16325"}],"wp:attachment":[{"href":"https:\/\/www.compression.ch\/index.php?rest_route=%2Fwp%2Fv2%2Fmedia&parent=16298"}],"wp:term":[{"taxonomy":"category","embeddable":true,"href":"https:\/\/www.compression.ch\/index.php?rest_route=%2Fwp%2Fv2%2Fcategories&post=16298"},{"taxonomy":"post_tag","embeddable":true,"href":"https:\/\/www.compression.ch\/index.php?rest_route=%2Fwp%2Fv2%2Ftags&post=16298"}],"curies":[{"name":"wp","href":"https:\/\/api.w.org\/{rel}","templated":true}]}}